{"id":215,"date":"2016-01-22T17:11:50","date_gmt":"2016-01-22T17:11:50","guid":{"rendered":"http:\/\/tinerimearomana.ro\/corul-preludiu\/?p=215"},"modified":"2025-09-24T17:19:57","modified_gmt":"2025-09-24T17:19:57","slug":"corul-de-camera-preludiu-participa-la-festivalul-international-george-enescu","status":"publish","type":"post","link":"https:\/\/tinerimearomana.ro\/corul-preludiu\/corul-de-camera-preludiu-participa-la-festivalul-international-george-enescu\/","title":{"rendered":"CORUL DE CAMER\u0102 \u201ePRELUDIU\u201c participa la Festivalul Interna\u021bional \u201dGeorge Enescu\u201d"},"content":{"rendered":"<p>De 40 de ani, Corul de Camer\u0103 \u201cPreludiu\u201d se num\u0103r\u0103 printre cele mai prestigioase corale mixte din lume.<\/p>\n<p>Elegant dirijat de pre\u015fedintele Asocia\u0163iei Na\u0163ionalei Corale din Rom\u00e2nia \u2013 Voicu En\u0103chescu, ansamblul coral se afl\u0103 de peste 15 ani de zile sub aripa Centrului Na\u0163ional de Art\u0103 \u201eTinerimea Romana\u201d si beneficiaza de o stagiune concertistica anuala, de turnee in strainatate \u015fi de invita\u0163ia permanent\u0103 de a sus\u0163ine concerte \u00een cadrul Festivalului Interna\u0163ional \u201eGeorge Enescu\u201d<\/p>\n<p>Vezi mai mult pe site-ul oficial al Festivalului George Enescu <a href=\"http:\/\/festivalenescu.ro\/events\/festival-2015\/corul-de-camera-preludiu\/\" target=\"_blank\" rel=\"noopener\">festivalenescu.ro<\/a><\/p>\n","protected":false},"excerpt":{"rendered":"<p>De 40 de ani, Corul de Camer\u0103 \u201cPreludiu\u201d se num\u0103r\u0103 printre cele mai prestigioase corale mixte din lume. Elegant dirijat de pre\u015fedintele Asocia\u0163iei Na\u0163ionalei Corale din Rom\u00e2nia \u2013 Voicu En\u0103chescu, ansamblul coral se afl\u0103 de peste 15 ani de zile sub aripa Centrului Na\u0163ional de Art\u0103 \u201eTinerimea Romana\u201d si beneficiaza de o stagiune concertistica anuala,&#8230;<\/p>\n","protected":false},"author":1,"featured_media":66,"comment_status":"open","ping_status":"open","sticky":false,"template":"","format":"standard","meta":{"_kadence_starter_templates_imported_post":false,"_kad_post_transparent":"default","_kad_post_title":"default","_kad_post_layout":"default","_kad_post_sidebar_id":"","_kad_post_content_style":"default","_kad_post_vertical_padding":"default","_kad_post_feature":"","_kad_post_feature_position":"","_kad_post_header":false,"_kad_post_footer":false,"_kad_post_classname":"","footnotes":""},"categories":[4],"tags":[],"class_list":["post-215","post","type-post","status-publish","format-standard","has-post-thumbnail","hentry","category-presa"],"_links":{"self":[{"href":"https:\/\/tinerimearomana.ro\/corul-preludiu\/wp-json\/wp\/v2\/posts\/215"}],"collection":[{"href":"https:\/\/tinerimearomana.ro\/corul-preludiu\/wp-json\/wp\/v2\/posts"}],"about":[{"href":"https:\/\/tinerimearomana.ro\/corul-preludiu\/wp-json\/wp\/v2\/types\/post"}],"author":[{"embeddable":true,"href":"https:\/\/tinerimearomana.ro\/corul-preludiu\/wp-json\/wp\/v2\/users\/1"}],"replies":[{"embeddable":true,"href":"https:\/\/tinerimearomana.ro\/corul-preludiu\/wp-json\/wp\/v2\/comments?post=215"}],"version-history":[{"count":3,"href":"https:\/\/tinerimearomana.ro\/corul-preludiu\/wp-json\/wp\/v2\/posts\/215\/revisions"}],"predecessor-version":[{"id":806,"href":"https:\/\/tinerimearomana.ro\/corul-preludiu\/wp-json\/wp\/v2\/posts\/215\/revisions\/806"}],"wp:featuredmedia":[{"embeddable":true,"href":"https:\/\/tinerimearomana.ro\/corul-preludiu\/wp-json\/wp\/v2\/media\/66"}],"wp:attachment":[{"href":"https:\/\/tinerimearomana.ro\/corul-preludiu\/wp-json\/wp\/v2\/media?parent=215"}],"wp:term":[{"taxonomy":"category","embeddable":true,"href":"https:\/\/tinerimearomana.ro\/corul-preludiu\/wp-json\/wp\/v2\/categories?post=215"},{"taxonomy":"post_tag","embeddable":true,"href":"https:\/\/tinerimearomana.ro\/corul-preludiu\/wp-json\/wp\/v2\/tags?post=215"}],"curies":[{"name":"wp","href":"https:\/\/api.w.org\/{rel}","templated":true}]}}