{"id":199,"date":"2016-01-22T15:24:22","date_gmt":"2016-01-22T15:24:22","guid":{"rendered":"http:\/\/tinerimearomana.ro\/corul-preludiu\/?p=199"},"modified":"2023-03-04T18:56:52","modified_gmt":"2023-03-04T18:56:52","slug":"corul-de-camera-preludiu-de-ziua-culturii-nationale","status":"publish","type":"post","link":"https:\/\/tinerimearomana.ro\/corul-preludiu\/corul-de-camera-preludiu-de-ziua-culturii-nationale\/","title":{"rendered":"Corul de camer\u0103 Preludiu de Ziua Culturii Na\u0163ionale"},"content":{"rendered":"<p>Spectacolul de muzic\u0103 \u015fi poezie <strong>\u201eDOR DE EMINESCU\u201d<\/strong> sus\u0163inut de Corul de camer\u0103 <strong>Preludiu<\/strong>, dirijor <strong>Voicu En\u0103chescu<\/strong> \u015fi Ansamblul <strong>Violoncellissimo<\/strong> condus de <strong>Marin Cazacu <\/strong>este modul \u00een care Centrul Na\u0163ional de Art\u0103 Tinerimea Rom\u00e2n\u0103 onoreaz\u0103 Ziua Culturii Na\u0163ionale \u00een acest an.<\/p>\n<p>La Palatul Tinerimea Romana, \u00een seara de 15 ianuarie de la ora 19, celor dou\u0103 ansambluri li se vor al\u0103tura actorii Alexandra Velniciuc \u015fi Adrian P\u0103duraru, care vor recita din lirica eminescian\u0103.<\/p>\n<p>Evenimentul promite o curajoas\u0103 \u00eembinare de etos na\u021bional rom\u00e2nesc cu valori perene ale crea\u021biei muzicale universale. Performan\u021bele dramatice vor fi \u00eenso\u021bite de cele ale unor ansambluri de elit\u0103, totul sub semnul unui romantism plin de for\u021b\u0103 evocatoare, atribute care vor pune sub semnul excelen\u021bei Ziua Culturii Na\u021bionale.<\/p>\n<p>Corul de camer\u0103 <strong>Preludiu<\/strong>, dirijor <strong>Voicu En\u0103chescu<\/strong> \u015fi <strong>Ansamblul Violoncellissimo<\/strong> condus de <strong>Marin Cazacu<\/strong> reprezint\u0103 nu doar girul a dou\u0103 personalit\u0103\u021bi artistice creatoare de \u0219coal\u0103, ci \u0219i prezen\u021ba celor mai valoro\u0219i muzicieni ai momentului din Rom\u00e2nia \u00een domeniul artei corale \u0219i al interpret\u0103rii violoncelistice.<\/p>\n<p>In programul muzical sunt incluse lucr\u0103ri de I.D. Chirescu, Vasile Sp\u0103t\u0103relu, Vasile Popovici, Dan Buciu, Felicia Donceanu, Tudor Flondor, Cornelia T\u0103utu, Sabin P\u0103utza, Constantin Dimitrescu, W.A. Mozart \u015fi A. Piazzolla.<\/p>\n<p>Evenimentul este organizat de\u00a0Centrul Na\u0163ional de Art\u0103 Tinerimea Rom\u00e2n\u0103, iar parteneri media sunt Radio Rom\u00e2nia Cultural \u015fi Radio Rom\u00e2nia Muzical.<\/p>\n<p><strong>FOTO<\/strong><br \/>\n<div class=\"su-custom-gallery su-custom-gallery-align-left su-custom-gallery-title-never su-lightbox-gallery\"><div class=\"su-custom-gallery-slide\" style=\"width:200px;height:140px\"><a href=\"https:\/\/tinerimearomana.ro\/corul-preludiu\/wp-content\/uploads\/sites\/9\/2016\/01\/Corul-Preludiu-Dor-de-Eminescu1.jpg\" title=\"Corul-Preludiu-Dor-de-Eminescu1\"><img decoding=\"async\" src=\"https:\/\/tinerimearomana.ro\/corul-preludiu\/wp-content\/uploads\/sites\/9\/2016\/01\/Corul-Preludiu-Dor-de-Eminescu1.jpg\" alt=\"Corul-Preludiu-Dor-de-Eminescu1\" width=\"200\" height=\"140\" \/><span class=\"su-custom-gallery-title\">Corul-Preludiu-Dor-de-Eminescu1<\/span><\/a><\/div><div class=\"su-custom-gallery-slide\" style=\"width:200px;height:140px\"><a href=\"https:\/\/tinerimearomana.ro\/corul-preludiu\/wp-content\/uploads\/sites\/9\/2016\/01\/Corul-Preludiu-Dor-de-Eminescu2.jpg\" title=\"Corul-Preludiu-Dor-de-Eminescu2\"><img decoding=\"async\" src=\"https:\/\/tinerimearomana.ro\/corul-preludiu\/wp-content\/uploads\/sites\/9\/2016\/01\/Corul-Preludiu-Dor-de-Eminescu2.jpg\" alt=\"Corul-Preludiu-Dor-de-Eminescu2\" width=\"200\" height=\"140\" \/><span class=\"su-custom-gallery-title\">Corul-Preludiu-Dor-de-Eminescu2<\/span><\/a><\/div><div class=\"su-custom-gallery-slide\" style=\"width:200px;height:140px\"><a href=\"https:\/\/tinerimearomana.ro\/corul-preludiu\/wp-content\/uploads\/sites\/9\/2016\/01\/Corul-Preludiu-Dor-de-Eminescu3.jpg\" title=\"Corul-Preludiu-Dor-de-Eminescu3\"><img decoding=\"async\" src=\"https:\/\/tinerimearomana.ro\/corul-preludiu\/wp-content\/uploads\/sites\/9\/2016\/01\/Corul-Preludiu-Dor-de-Eminescu3.jpg\" alt=\"Corul-Preludiu-Dor-de-Eminescu3\" width=\"200\" height=\"140\" \/><span class=\"su-custom-gallery-title\">Corul-Preludiu-Dor-de-Eminescu3<\/span><\/a><\/div><div class=\"su-custom-gallery-slide\" style=\"width:200px;height:140px\"><a href=\"https:\/\/tinerimearomana.ro\/corul-preludiu\/wp-content\/uploads\/sites\/9\/2016\/01\/Voicu-Enachescu1.jpg\" title=\"Voicu-Enachescu1\"><img loading=\"lazy\" decoding=\"async\" src=\"https:\/\/tinerimearomana.ro\/corul-preludiu\/wp-content\/uploads\/sites\/9\/2016\/01\/Voicu-Enachescu1.jpg\" alt=\"Voicu-Enachescu1\" width=\"200\" height=\"140\" \/><span class=\"su-custom-gallery-title\">Voicu-Enachescu1<\/span><\/a><\/div><div class=\"su-clear\"><\/div><\/div>\n","protected":false},"excerpt":{"rendered":"<p>[:ro]Spectacolul de muzic\u0103 \u015fi poezie \u201eDor de Eminescu\u201d sus\u0163inut de Corul de camer\u0103 Preludiu, dirijor Voicu En\u0103chescu \u015fi Ansamblul Violoncellissimo condus de Marin Cazacu este modul \u00een care Centrul Na\u0163ional de Art\u0103 Tinerimea Rom\u00e2n\u0103 onoreaz\u0103 Ziua Culturii Na\u0163ionale \u00een acest an. [:]<\/p>\n","protected":false},"author":1,"featured_media":202,"comment_status":"open","ping_status":"open","sticky":false,"template":"","format":"standard","meta":{"_kadence_starter_templates_imported_post":false,"_kad_post_transparent":"default","_kad_post_title":"default","_kad_post_layout":"default","_kad_post_sidebar_id":"","_kad_post_content_style":"default","_kad_post_vertical_padding":"default","_kad_post_feature":"","_kad_post_feature_position":"","_kad_post_header":false,"_kad_post_footer":false,"_kad_post_classname":"","footnotes":""},"categories":[2],"tags":[],"class_list":["post-199","post","type-post","status-publish","format-standard","has-post-thumbnail","hentry","category-concerte"],"_links":{"self":[{"href":"https:\/\/tinerimearomana.ro\/corul-preludiu\/wp-json\/wp\/v2\/posts\/199"}],"collection":[{"href":"https:\/\/tinerimearomana.ro\/corul-preludiu\/wp-json\/wp\/v2\/posts"}],"about":[{"href":"https:\/\/tinerimearomana.ro\/corul-preludiu\/wp-json\/wp\/v2\/types\/post"}],"author":[{"embeddable":true,"href":"https:\/\/tinerimearomana.ro\/corul-preludiu\/wp-json\/wp\/v2\/users\/1"}],"replies":[{"embeddable":true,"href":"https:\/\/tinerimearomana.ro\/corul-preludiu\/wp-json\/wp\/v2\/comments?post=199"}],"version-history":[{"count":6,"href":"https:\/\/tinerimearomana.ro\/corul-preludiu\/wp-json\/wp\/v2\/posts\/199\/revisions"}],"predecessor-version":[{"id":701,"href":"https:\/\/tinerimearomana.ro\/corul-preludiu\/wp-json\/wp\/v2\/posts\/199\/revisions\/701"}],"wp:featuredmedia":[{"embeddable":true,"href":"https:\/\/tinerimearomana.ro\/corul-preludiu\/wp-json\/wp\/v2\/media\/202"}],"wp:attachment":[{"href":"https:\/\/tinerimearomana.ro\/corul-preludiu\/wp-json\/wp\/v2\/media?parent=199"}],"wp:term":[{"taxonomy":"category","embeddable":true,"href":"https:\/\/tinerimearomana.ro\/corul-preludiu\/wp-json\/wp\/v2\/categories?post=199"},{"taxonomy":"post_tag","embeddable":true,"href":"https:\/\/tinerimearomana.ro\/corul-preludiu\/wp-json\/wp\/v2\/tags?post=199"}],"curies":[{"name":"wp","href":"https:\/\/api.w.org\/{rel}","templated":true}]}}