{"id":169,"date":"2015-11-12T09:36:21","date_gmt":"2015-11-12T09:36:21","guid":{"rendered":"http:\/\/tinerimearomana.ro\/corul-preludiu\/?p=169"},"modified":"2023-03-04T18:59:30","modified_gmt":"2023-03-04T18:59:30","slug":"gala-tinerimea-romana-editia-a-iv-a","status":"publish","type":"post","link":"https:\/\/tinerimearomana.ro\/corul-preludiu\/gala-tinerimea-romana-editia-a-iv-a\/","title":{"rendered":"Gala Tinerimea Rom\u00e2n\u0103 edi\u021bia a IV-a"},"content":{"rendered":"<p>Pe data de <strong>21 noiembrie 2015<\/strong>, \u00eencepe la Bucure\u015fti a patra edi\u0163ie a <strong>Galei Tinerimea Rom\u00e2n\u0103<\/strong> organizat\u0103 de <strong>Centrul Na\u0163ional de Art\u0103 \u201cTinerimea Rom\u00e2n\u0103\u201d<\/strong>. Cinci manifest\u0103ri din zone stilistice diferite, sus\u021binute de arti\u0219ti de talie interna\u021bional\u0103.<\/p>\n<p>Concertele incluse sub aceast\u0103 egid\u0103 vor \u00eencepe s\u00e2mb\u0103t\u0103, <strong>21 noiembrie 2015<\/strong>, de la ora 19.00 cu un recital al<strong> cvartetului Arcadia<\/strong> sus\u0163inut sub titlul Capodopere camerale &#8211; Haydn, Beethoven, Schubert ce va avea loc la Palatul Tinerimea Rom\u00e2n\u0103 (Bd. Schitu M\u0103gureanu Nr. 4 &#8211; Podul Izvor).<\/p>\n<p>\u00centr-un alt registru stilistic, luni, <strong>23 noiembrie 2015<\/strong>, de la ora 18,00, la Teatrul de Revist\u0103 &#8220;Constantin T\u0103nase\u201d &#8211; Sala Savoy, singura forma\u021bie profesionist\u0103 de gen din Bucure\u0219ti, <strong>Ansamblul folcloric &#8220;Cununa Carpa\u021bilor&#8221;<\/strong> dirijor Gheorghe Popa, coregraf Viorel Cioac\u0103 va sus\u0163ine concertul <strong>Magia jocului \u015fi portului popular rom\u00e2nesc<\/strong>, un spectacol unicat cu dansuri populare din toate zonele \u021b\u0103rii.<\/p>\n<p>Gala Tinerimea Rom\u00e2n\u0103 va continua mar\u021bi, <strong>24 noiembrie 2015<\/strong>, de la ora 19.00, tot la Palatul Tinerimea Rom\u00e2n\u0103 cu concertul <strong>ansamblului Archaeus<\/strong>, conducerea muzical\u0103 Liviu D\u0103nceanu, cu un program de opusuri foarte rar interpretate, intitulat <strong>De la Bach la Cantemir.<\/strong><\/p>\n<p>Manifest\u0103rile din Bucure\u015fti se vor \u00eencheia duminic\u0103, <strong>29 noiembrie<\/strong>, ora 18.00 la Biserica &#8220;Sf\u00e2ntul Elefterie&#8221;, cu un concert al <strong>Corului de camer\u0103 PRELUDIU<\/strong> dirijat de Voicu En\u0103chescu, care va oferi versiuni interpretative de referin\u021b\u0103 sub titlul <strong>Comori ale muzicii sacre<\/strong>.<\/p>\n<p>Programul va culmina cu un eveniment ce va avea loc la <strong>Istanbul<\/strong> pe<strong> 1 decembrie 2015<\/strong>, ora 19.00, cu ocazia Zilei Na\u0163ionale a Rom\u00e2niei la Istanbul, la Cemal Resit Rey Concert Hall, cu <strong>Orchestra Rom\u00e2n\u0103 de Tineret<\/strong> sub bagheta lui Cristian Mandeal \u015fi av\u00e2nd-o ca solist\u0103 pe Irina Iord\u0103chescu, care va interpreta un program cu lucr\u0103ri de Enescu, Rogalski, Puccini \u015fi Grigora\u015f Dinicu. Acest concert-eveniment este organizat de <strong>Centrul Na\u0163ional de Art\u0103 \u201cTinerimea Rom\u00e2n\u0103\u201d<\/strong> \u00een colaborare cu <strong>Institutul Cultural Rom\u00e2n.<\/strong><\/p>\n<p>Parteneri media:<strong> Radio Rom\u00e2nia Cultural<\/strong> \u015fi<strong> Radio Rom\u00e2nia Muzical.<\/strong><\/p>\n<p><strong>FOTO<\/strong><br \/>\n<div class=\"su-custom-gallery su-custom-gallery-align-left su-custom-gallery-title-never su-lightbox-gallery\"><div class=\"su-custom-gallery-slide\" style=\"width:280px;height:200px\"><a href=\"https:\/\/tinerimearomana.ro\/corul-preludiu\/wp-content\/uploads\/sites\/9\/2015\/11\/Preludiu_22_Gala-Tinerimea-Romana_2015_11-29.jpg\" title=\"Preludiu_22_Gala Tinerimea Romana_2015_11-29\"><img fetchpriority=\"high\" decoding=\"async\" src=\"https:\/\/tinerimearomana.ro\/corul-preludiu\/wp-content\/uploads\/sites\/9\/2015\/11\/Preludiu_22_Gala-Tinerimea-Romana_2015_11-29.jpg\" alt=\"Preludiu_22_Gala Tinerimea Romana_2015_11-29\" width=\"280\" height=\"200\" \/><span class=\"su-custom-gallery-title\">Preludiu_22_Gala Tinerimea Romana_2015_11-29<\/span><\/a><\/div><div class=\"su-custom-gallery-slide\" style=\"width:280px;height:200px\"><a href=\"https:\/\/tinerimearomana.ro\/corul-preludiu\/wp-content\/uploads\/sites\/9\/2015\/11\/Preludiu_21_Gala-Tinerimea-Romana_2015_11-29.jpg\" title=\"Preludiu_21_Gala Tinerimea Romana_2015_11-29\"><img decoding=\"async\" src=\"https:\/\/tinerimearomana.ro\/corul-preludiu\/wp-content\/uploads\/sites\/9\/2015\/11\/Preludiu_21_Gala-Tinerimea-Romana_2015_11-29.jpg\" alt=\"Preludiu_21_Gala Tinerimea Romana_2015_11-29\" width=\"280\" height=\"200\" \/><span class=\"su-custom-gallery-title\">Preludiu_21_Gala Tinerimea Romana_2015_11-29<\/span><\/a><\/div><div class=\"su-custom-gallery-slide\" style=\"width:280px;height:200px\"><a href=\"https:\/\/tinerimearomana.ro\/corul-preludiu\/wp-content\/uploads\/sites\/9\/2015\/11\/Preludiu_20_Gala-Tinerimea-Romana_2015_11-29.jpg\" title=\"Preludiu_20_Gala Tinerimea Romana_2015_11-29\"><img decoding=\"async\" src=\"https:\/\/tinerimearomana.ro\/corul-preludiu\/wp-content\/uploads\/sites\/9\/2015\/11\/Preludiu_20_Gala-Tinerimea-Romana_2015_11-29.jpg\" alt=\"Preludiu_20_Gala Tinerimea Romana_2015_11-29\" width=\"280\" height=\"200\" \/><span class=\"su-custom-gallery-title\">Preludiu_20_Gala Tinerimea Romana_2015_11-29<\/span><\/a><\/div><div class=\"su-custom-gallery-slide\" style=\"width:280px;height:200px\"><a href=\"https:\/\/tinerimearomana.ro\/corul-preludiu\/wp-content\/uploads\/sites\/9\/2015\/11\/Preludiu_19_Gala-Tinerimea-Romana_2015_11-29.jpg\" title=\"Preludiu_19_Gala Tinerimea Romana_2015_11-29\"><img loading=\"lazy\" decoding=\"async\" src=\"https:\/\/tinerimearomana.ro\/corul-preludiu\/wp-content\/uploads\/sites\/9\/2015\/11\/Preludiu_19_Gala-Tinerimea-Romana_2015_11-29.jpg\" alt=\"Preludiu_19_Gala Tinerimea Romana_2015_11-29\" width=\"280\" height=\"200\" \/><span class=\"su-custom-gallery-title\">Preludiu_19_Gala Tinerimea Romana_2015_11-29<\/span><\/a><\/div><div class=\"su-custom-gallery-slide\" style=\"width:280px;height:200px\"><a href=\"https:\/\/tinerimearomana.ro\/corul-preludiu\/wp-content\/uploads\/sites\/9\/2015\/11\/Preludiu_18_Gala-Tinerimea-Romana_2015_11-29.jpg\" title=\"Preludiu_18_Gala Tinerimea Romana_2015_11-29\"><img loading=\"lazy\" decoding=\"async\" src=\"https:\/\/tinerimearomana.ro\/corul-preludiu\/wp-content\/uploads\/sites\/9\/2015\/11\/Preludiu_18_Gala-Tinerimea-Romana_2015_11-29.jpg\" alt=\"Preludiu_18_Gala Tinerimea Romana_2015_11-29\" width=\"280\" height=\"200\" \/><span class=\"su-custom-gallery-title\">Preludiu_18_Gala Tinerimea Romana_2015_11-29<\/span><\/a><\/div><div class=\"su-custom-gallery-slide\" style=\"width:280px;height:200px\"><a href=\"https:\/\/tinerimearomana.ro\/corul-preludiu\/wp-content\/uploads\/sites\/9\/2015\/11\/Preludiu_17_Gala-Tinerimea-Romana_2015_11-29.jpg\" title=\"Preludiu_17_Gala Tinerimea Romana_2015_11-29\"><img loading=\"lazy\" decoding=\"async\" src=\"https:\/\/tinerimearomana.ro\/corul-preludiu\/wp-content\/uploads\/sites\/9\/2015\/11\/Preludiu_17_Gala-Tinerimea-Romana_2015_11-29.jpg\" alt=\"Preludiu_17_Gala Tinerimea Romana_2015_11-29\" width=\"280\" height=\"200\" \/><span class=\"su-custom-gallery-title\">Preludiu_17_Gala Tinerimea Romana_2015_11-29<\/span><\/a><\/div><div class=\"su-custom-gallery-slide\" style=\"width:280px;height:200px\"><a href=\"https:\/\/tinerimearomana.ro\/corul-preludiu\/wp-content\/uploads\/sites\/9\/2015\/11\/Preludiu_16_Gala-Tinerimea-Romana_2015_11-29.jpg\" title=\"Preludiu_16_Gala Tinerimea Romana_2015_11-29\"><img loading=\"lazy\" decoding=\"async\" src=\"https:\/\/tinerimearomana.ro\/corul-preludiu\/wp-content\/uploads\/sites\/9\/2015\/11\/Preludiu_16_Gala-Tinerimea-Romana_2015_11-29.jpg\" alt=\"Preludiu_16_Gala Tinerimea Romana_2015_11-29\" width=\"280\" height=\"200\" \/><span class=\"su-custom-gallery-title\">Preludiu_16_Gala Tinerimea Romana_2015_11-29<\/span><\/a><\/div><div class=\"su-custom-gallery-slide\" style=\"width:280px;height:200px\"><a href=\"https:\/\/tinerimearomana.ro\/corul-preludiu\/wp-content\/uploads\/sites\/9\/2015\/11\/Preludiu_15_Gala-Tinerimea-Romana_2015_11-29.jpg\" title=\"Preludiu_15_Gala Tinerimea Romana_2015_11-29\"><img loading=\"lazy\" decoding=\"async\" src=\"https:\/\/tinerimearomana.ro\/corul-preludiu\/wp-content\/uploads\/sites\/9\/2015\/11\/Preludiu_15_Gala-Tinerimea-Romana_2015_11-29.jpg\" alt=\"Preludiu_15_Gala Tinerimea Romana_2015_11-29\" width=\"280\" height=\"200\" \/><span class=\"su-custom-gallery-title\">Preludiu_15_Gala Tinerimea Romana_2015_11-29<\/span><\/a><\/div><div class=\"su-custom-gallery-slide\" style=\"width:280px;height:200px\"><a href=\"https:\/\/tinerimearomana.ro\/corul-preludiu\/wp-content\/uploads\/sites\/9\/2015\/11\/Preludiu_13_Gala-Tinerimea-Romana_2015_11-29.jpg\" title=\"Preludiu_13_Gala Tinerimea Romana_2015_11-29\"><img loading=\"lazy\" decoding=\"async\" src=\"https:\/\/tinerimearomana.ro\/corul-preludiu\/wp-content\/uploads\/sites\/9\/2015\/11\/Preludiu_13_Gala-Tinerimea-Romana_2015_11-29.jpg\" alt=\"Preludiu_13_Gala Tinerimea Romana_2015_11-29\" width=\"280\" height=\"200\" \/><span class=\"su-custom-gallery-title\">Preludiu_13_Gala Tinerimea Romana_2015_11-29<\/span><\/a><\/div><div class=\"su-custom-gallery-slide\" style=\"width:280px;height:200px\"><a href=\"https:\/\/tinerimearomana.ro\/corul-preludiu\/wp-content\/uploads\/sites\/9\/2015\/11\/Preludiu_12_Gala-Tinerimea-Romana_2015_11-29.jpg\" title=\"Preludiu_12_Gala Tinerimea Romana_2015_11-29\"><img loading=\"lazy\" decoding=\"async\" src=\"https:\/\/tinerimearomana.ro\/corul-preludiu\/wp-content\/uploads\/sites\/9\/2015\/11\/Preludiu_12_Gala-Tinerimea-Romana_2015_11-29.jpg\" alt=\"Preludiu_12_Gala Tinerimea Romana_2015_11-29\" width=\"280\" height=\"200\" \/><span class=\"su-custom-gallery-title\">Preludiu_12_Gala Tinerimea Romana_2015_11-29<\/span><\/a><\/div><div class=\"su-custom-gallery-slide\" style=\"width:280px;height:200px\"><a href=\"https:\/\/tinerimearomana.ro\/corul-preludiu\/wp-content\/uploads\/sites\/9\/2015\/11\/Preludiu_11_Gala-Tinerimea-Romana_2015_11-29.jpg\" title=\"Preludiu_11_Gala Tinerimea Romana_2015_11-29\"><img loading=\"lazy\" decoding=\"async\" src=\"https:\/\/tinerimearomana.ro\/corul-preludiu\/wp-content\/uploads\/sites\/9\/2015\/11\/Preludiu_11_Gala-Tinerimea-Romana_2015_11-29.jpg\" alt=\"Preludiu_11_Gala Tinerimea Romana_2015_11-29\" width=\"280\" height=\"200\" \/><span class=\"su-custom-gallery-title\">Preludiu_11_Gala Tinerimea Romana_2015_11-29<\/span><\/a><\/div><div class=\"su-custom-gallery-slide\" style=\"width:280px;height:200px\"><a href=\"https:\/\/tinerimearomana.ro\/corul-preludiu\/wp-content\/uploads\/sites\/9\/2015\/11\/Preludiu_10_Gala-Tinerimea-Romana_2015_11-29.jpg\" title=\"Preludiu_10_Gala Tinerimea Romana_2015_11-29\"><img loading=\"lazy\" decoding=\"async\" src=\"https:\/\/tinerimearomana.ro\/corul-preludiu\/wp-content\/uploads\/sites\/9\/2015\/11\/Preludiu_10_Gala-Tinerimea-Romana_2015_11-29.jpg\" alt=\"Preludiu_10_Gala Tinerimea Romana_2015_11-29\" width=\"280\" height=\"200\" \/><span class=\"su-custom-gallery-title\">Preludiu_10_Gala Tinerimea Romana_2015_11-29<\/span><\/a><\/div><div class=\"su-custom-gallery-slide\" style=\"width:280px;height:200px\"><a href=\"https:\/\/tinerimearomana.ro\/corul-preludiu\/wp-content\/uploads\/sites\/9\/2015\/11\/Preludiu_9_Gala-Tinerimea-Romana_2015_11-29.jpg\" title=\"Preludiu_9_Gala Tinerimea Romana_2015_11-29\"><img loading=\"lazy\" decoding=\"async\" src=\"https:\/\/tinerimearomana.ro\/corul-preludiu\/wp-content\/uploads\/sites\/9\/2015\/11\/Preludiu_9_Gala-Tinerimea-Romana_2015_11-29.jpg\" alt=\"Preludiu_9_Gala Tinerimea Romana_2015_11-29\" width=\"280\" height=\"200\" \/><span class=\"su-custom-gallery-title\">Preludiu_9_Gala Tinerimea Romana_2015_11-29<\/span><\/a><\/div><div class=\"su-custom-gallery-slide\" style=\"width:280px;height:200px\"><a href=\"https:\/\/tinerimearomana.ro\/corul-preludiu\/wp-content\/uploads\/sites\/9\/2015\/11\/Preludiu_8_Gala-Tinerimea-Romana_2015_11-29.jpg\" title=\"Preludiu_8_Gala Tinerimea Romana_2015_11-29\"><img loading=\"lazy\" decoding=\"async\" src=\"https:\/\/tinerimearomana.ro\/corul-preludiu\/wp-content\/uploads\/sites\/9\/2015\/11\/Preludiu_8_Gala-Tinerimea-Romana_2015_11-29.jpg\" alt=\"Preludiu_8_Gala Tinerimea Romana_2015_11-29\" width=\"280\" height=\"200\" \/><span class=\"su-custom-gallery-title\">Preludiu_8_Gala Tinerimea Romana_2015_11-29<\/span><\/a><\/div><div class=\"su-custom-gallery-slide\" style=\"width:280px;height:200px\"><a href=\"https:\/\/tinerimearomana.ro\/corul-preludiu\/wp-content\/uploads\/sites\/9\/2015\/11\/Preludiu_7_Gala-Tinerimea-Romana_2015_11-29.jpg\" title=\"Preludiu_7_Gala Tinerimea Romana_2015_11-29\"><img loading=\"lazy\" decoding=\"async\" src=\"https:\/\/tinerimearomana.ro\/corul-preludiu\/wp-content\/uploads\/sites\/9\/2015\/11\/Preludiu_7_Gala-Tinerimea-Romana_2015_11-29.jpg\" alt=\"Preludiu_7_Gala Tinerimea Romana_2015_11-29\" width=\"280\" height=\"200\" \/><span class=\"su-custom-gallery-title\">Preludiu_7_Gala Tinerimea Romana_2015_11-29<\/span><\/a><\/div><div class=\"su-custom-gallery-slide\" style=\"width:280px;height:200px\"><a href=\"https:\/\/tinerimearomana.ro\/corul-preludiu\/wp-content\/uploads\/sites\/9\/2015\/11\/Preludiu_6_Gala-Tinerimea-Romana_2015_11-29.jpg\" title=\"Preludiu_6_Gala Tinerimea Romana_2015_11-29\"><img loading=\"lazy\" decoding=\"async\" src=\"https:\/\/tinerimearomana.ro\/corul-preludiu\/wp-content\/uploads\/sites\/9\/2015\/11\/Preludiu_6_Gala-Tinerimea-Romana_2015_11-29.jpg\" alt=\"Preludiu_6_Gala Tinerimea Romana_2015_11-29\" width=\"280\" height=\"200\" \/><span class=\"su-custom-gallery-title\">Preludiu_6_Gala Tinerimea Romana_2015_11-29<\/span><\/a><\/div><div class=\"su-custom-gallery-slide\" style=\"width:280px;height:200px\"><a href=\"https:\/\/tinerimearomana.ro\/corul-preludiu\/wp-content\/uploads\/sites\/9\/2015\/11\/Preludiu_5_Gala-Tinerimea-Romana_2015_11-29.jpg\" title=\"Preludiu_5_Gala Tinerimea Romana_2015_11-29\"><img loading=\"lazy\" decoding=\"async\" src=\"https:\/\/tinerimearomana.ro\/corul-preludiu\/wp-content\/uploads\/sites\/9\/2015\/11\/Preludiu_5_Gala-Tinerimea-Romana_2015_11-29.jpg\" alt=\"Preludiu_5_Gala Tinerimea Romana_2015_11-29\" width=\"280\" height=\"200\" \/><span class=\"su-custom-gallery-title\">Preludiu_5_Gala Tinerimea Romana_2015_11-29<\/span><\/a><\/div><div class=\"su-custom-gallery-slide\" style=\"width:280px;height:200px\"><a href=\"https:\/\/tinerimearomana.ro\/corul-preludiu\/wp-content\/uploads\/sites\/9\/2015\/11\/Preludiu_3_Gala-Tinerimea-Romana_2015_11-29.jpg\" title=\"Preludiu_3_Gala Tinerimea Romana_2015_11-29\"><img loading=\"lazy\" decoding=\"async\" src=\"https:\/\/tinerimearomana.ro\/corul-preludiu\/wp-content\/uploads\/sites\/9\/2015\/11\/Preludiu_3_Gala-Tinerimea-Romana_2015_11-29.jpg\" alt=\"Preludiu_3_Gala Tinerimea Romana_2015_11-29\" width=\"280\" height=\"200\" \/><span class=\"su-custom-gallery-title\">Preludiu_3_Gala Tinerimea Romana_2015_11-29<\/span><\/a><\/div><div class=\"su-clear\"><\/div><\/div>\n<p><img loading=\"lazy\" decoding=\"async\" class=\"aligncenter size-full wp-image-168\" src=\"https:\/\/tinerimearomana.ro\/corul-preludiu\/wp-content\/uploads\/sites\/9\/2015\/11\/Gala-Preludiu-2015.jpg\" alt=\"\" width=\"533\" height=\"746\" srcset=\"https:\/\/tinerimearomana.ro\/corul-preludiu\/wp-content\/uploads\/sites\/9\/2015\/11\/Gala-Preludiu-2015.jpg 533w, https:\/\/tinerimearomana.ro\/corul-preludiu\/wp-content\/uploads\/sites\/9\/2015\/11\/Gala-Preludiu-2015-214x300.jpg 214w\" sizes=\"(max-width: 533px) 100vw, 533px\" \/><\/p>\n","protected":false},"excerpt":{"rendered":"<p>Pe data de 21 noiembrie 2015, \u00eencepe la Bucure\u015fti a patra edi\u0163ie a Galei Tinerimea Rom\u00e2n\u0103 organizat\u0103 de Centrul Na\u0163ional de Art\u0103 \u201cTinerimea Rom\u00e2n\u0103\u201d. Cinci manifest\u0103ri din zone stilistice diferite, sus\u021binute de arti\u0219ti de talie interna\u021bional\u0103. Concertele incluse sub aceast\u0103 egid\u0103 vor \u00eencepe s\u00e2mb\u0103t\u0103, 21 noiembrie 2015, de la ora 19.00 cu un recital al&#8230;<\/p>\n","protected":false},"author":1,"featured_media":168,"comment_status":"open","ping_status":"open","sticky":false,"template":"","format":"standard","meta":{"_kadence_starter_templates_imported_post":false,"_kad_post_transparent":"default","_kad_post_title":"default","_kad_post_layout":"default","_kad_post_sidebar_id":"","_kad_post_content_style":"default","_kad_post_vertical_padding":"default","_kad_post_feature":"","_kad_post_feature_position":"","_kad_post_header":false,"_kad_post_footer":false,"_kad_post_classname":"","footnotes":""},"categories":[2],"tags":[],"class_list":["post-169","post","type-post","status-publish","format-standard","has-post-thumbnail","hentry","category-concerte"],"_links":{"self":[{"href":"https:\/\/tinerimearomana.ro\/corul-preludiu\/wp-json\/wp\/v2\/posts\/169"}],"collection":[{"href":"https:\/\/tinerimearomana.ro\/corul-preludiu\/wp-json\/wp\/v2\/posts"}],"about":[{"href":"https:\/\/tinerimearomana.ro\/corul-preludiu\/wp-json\/wp\/v2\/types\/post"}],"author":[{"embeddable":true,"href":"https:\/\/tinerimearomana.ro\/corul-preludiu\/wp-json\/wp\/v2\/users\/1"}],"replies":[{"embeddable":true,"href":"https:\/\/tinerimearomana.ro\/corul-preludiu\/wp-json\/wp\/v2\/comments?post=169"}],"version-history":[{"count":6,"href":"https:\/\/tinerimearomana.ro\/corul-preludiu\/wp-json\/wp\/v2\/posts\/169\/revisions"}],"predecessor-version":[{"id":703,"href":"https:\/\/tinerimearomana.ro\/corul-preludiu\/wp-json\/wp\/v2\/posts\/169\/revisions\/703"}],"wp:featuredmedia":[{"embeddable":true,"href":"https:\/\/tinerimearomana.ro\/corul-preludiu\/wp-json\/wp\/v2\/media\/168"}],"wp:attachment":[{"href":"https:\/\/tinerimearomana.ro\/corul-preludiu\/wp-json\/wp\/v2\/media?parent=169"}],"wp:term":[{"taxonomy":"category","embeddable":true,"href":"https:\/\/tinerimearomana.ro\/corul-preludiu\/wp-json\/wp\/v2\/categories?post=169"},{"taxonomy":"post_tag","embeddable":true,"href":"https:\/\/tinerimearomana.ro\/corul-preludiu\/wp-json\/wp\/v2\/tags?post=169"}],"curies":[{"name":"wp","href":"https:\/\/api.w.org\/{rel}","templated":true}]}}