{"id":157,"date":"2015-07-04T13:53:55","date_gmt":"2015-07-04T13:53:55","guid":{"rendered":"http:\/\/tinerimearomana.ro\/corul-preludiu\/?p=157"},"modified":"2022-11-19T12:59:27","modified_gmt":"2022-11-19T12:59:27","slug":"corul-de-camera-preludiu-in-concert-la-iasi-si-piatra-neamt","status":"publish","type":"post","link":"https:\/\/tinerimearomana.ro\/corul-preludiu\/corul-de-camera-preludiu-in-concert-la-iasi-si-piatra-neamt\/","title":{"rendered":"CORUL DE CAMER\u0102 PRELUDIU  \u00een concert  la IA\u015eI \u015fi PIATRA NEAM\u0162[:en] Preludiu Chamber Choir in concert at IA\u015eI and NEAM\u0162"},"content":{"rendered":"[infobox style=&#8217;info&#8217; static=&#8217;1&#8242;]\n<div class=\"su-spacer\" style=\"height:20px\"><\/div>\n<strong>CORUL DE CAMER\u0102 PRELUDIU dirijat de VOICU EN\u0102CHESCU<\/strong> \u2013 ansamblu al Centrului Na\u0163ional de Art\u0103 Tinerimea Rom\u00e2n\u0103 particip\u0103 ca invitat special pe <strong>5 iulie la IA\u015eI, la a III-a edi\u0163ie a Festivalului Coral Interna\u021bional pentru Tineret \u201eGavriil Musicescu\u201d<\/strong>, iar pe <strong>6 iulie va concerta la Piatra Neam\u0163.<\/strong><br \/>\n<div class=\"su-spacer\" style=\"height:20px\"><\/div>\n<strong>Festivalului Coral Interna\u021bional pentru Tineret \u201eGavriil Musicescu\u201d<\/strong> se desf\u0103\u015foar\u0103 la Ia\u015fi \u00eencep\u00e2nd din data de 1 iulie. Festivalul reune\u015fte peste 30 de coruri din Rom\u00e2nia, Republica Moldova \u015fi Ucraina \u015fi, pe l\u00e2ng\u0103 CORUL DE CAMERA PRELUDIU, sunt invitate \u00een concert forma\u0163ii rom\u00e2ne\u015fti prestigioase precum: Corul Na\u021bional de Camer\u0103 MADRIGAL, Corul de Copii Radio, Corala CANTORES AMICITIAE, Corul TRONOS al Patriarhiei Rom\u00e2ne, Forma\u021bia de Muzic\u0103 Psaltic\u0103 BYZANTION.<br \/>\n<div class=\"su-spacer\" style=\"height:20px\"><\/div>\n<strong>Duminic\u0103, 5 iulie, la ora 12.00, la CATEDRALA MITROPOLITAN\u0102 IA\u015eI, Corul de Camer\u0103 Preludiu<\/strong> va sus\u0163ine un program de muzic\u0103 religioas\u0103 cu lucr\u0103ri de DIMITRI BORTNEANSKY, NICOLAE OANCEA, IOAN D. CHIRESCU, GAVRIIL MUSICESCU, NICOLAE LUNGU, GHEORGHE CUCU, MAR\u0162IAN NEGREA, NICOLAE LUNGU, MIHAIL BEREZOVSKI, adaptat contextului festivalier.<br \/>\n<div class=\"su-spacer\" style=\"height:20px\"><\/div>\nTot pe <strong>5 iulie, dar de la ora 19<\/strong>, \u00een eleganta sal\u0103 a <strong>Teatrului Na\u0163ional \u201eVasile Alecsandri\u201d<\/strong> va avea loc gala de \u00eenchidere a Festivalului Coral Interna\u021bional pentru Tineret \u201eGavriil Musicescu\u201d, unde Corul de <strong>Camer\u0103 Preludiu<\/strong> dirijat de <strong>VOICU EN\u0102CHESCU<\/strong> va evolua al\u0103turi de ceilelal\u0163i invita\u0163i de onoare, Corul MADRIGAL &#8211; dirijat de <strong>Anna Ungureanu<\/strong>, CORUL DE COPII RADIO &#8211; dirijat de <strong>Voicu Popescu<\/strong>, Corul psaltic TRONOS al Patriarhiei Rom\u00e2ne &#8211; condus de Protopsalt Arhidiacon<strong> Mihail Buc\u0103<\/strong>, Corala CANTORES AMICITIAE &#8211; dirijat\u0103 de prof.univ.dr.<strong> Nicolae G\u00e2sc\u0103<\/strong> etc.<br \/>\n<div class=\"su-spacer\" style=\"height:20px\"><\/div>\nIn data de 6 iulie, Corul de camera Preludiu va sus\u0163ine un concert la Piatra Neam\u0163 cu un program de divers, sintetiz\u00e2nd diverse orient\u0103ri stilistice din repertoriul lor.<br \/>\n<div class=\"su-spacer\" style=\"height:30px\"><\/div>\n<strong>FOTO<\/strong><br \/>\n<div class=\"su-custom-gallery su-custom-gallery-align-left su-custom-gallery-title-never su-lightbox-gallery\"><div class=\"su-custom-gallery-slide\" style=\"width:220px;height:160px\"><a href=\"https:\/\/tinerimearomana.ro\/corul-preludiu\/wp-content\/uploads\/sites\/9\/2015\/01\/corul-preludiu13.jpg\" title=\"corul-preludiu13\"><img decoding=\"async\" src=\"https:\/\/tinerimearomana.ro\/corul-preludiu\/wp-content\/uploads\/sites\/9\/2015\/01\/corul-preludiu13.jpg\" alt=\"corul-preludiu13\" width=\"220\" height=\"160\" \/><span class=\"su-custom-gallery-title\">corul-preludiu13<\/span><\/a><\/div><div class=\"su-custom-gallery-slide\" style=\"width:220px;height:160px\"><a href=\"https:\/\/tinerimearomana.ro\/corul-preludiu\/wp-content\/uploads\/sites\/9\/2015\/01\/corul-preludiu1.jpg\" title=\"corul-preludiu1\"><img decoding=\"async\" src=\"https:\/\/tinerimearomana.ro\/corul-preludiu\/wp-content\/uploads\/sites\/9\/2015\/01\/corul-preludiu1.jpg\" alt=\"corul-preludiu1\" width=\"220\" height=\"160\" \/><span class=\"su-custom-gallery-title\">corul-preludiu1<\/span><\/a><\/div><div class=\"su-clear\"><\/div><\/div>\n[\/infobox][:]\n","protected":false},"excerpt":{"rendered":"<p>[infobox style=&#8217;info&#8217; static=&#8217;1&#8242;] CORUL DE CAMER\u0102 PRELUDIU dirijat de VOICU EN\u0102CHESCU \u2013 ansamblu al Centrului Na\u0163ional de Art\u0103 Tinerimea Rom\u00e2n\u0103 particip\u0103 ca invitat special pe 5 iulie la IA\u015eI, la a III-a edi\u0163ie a Festivalului Coral Interna\u021bional pentru Tineret \u201eGavriil Musicescu\u201d, iar pe 6 iulie va concerta la Piatra Neam\u0163. Festivalului Coral Interna\u021bional pentru Tineret&#8230;<\/p>\n","protected":false},"author":1,"featured_media":64,"comment_status":"open","ping_status":"open","sticky":false,"template":"","format":"standard","meta":{"_kadence_starter_templates_imported_post":false,"_kad_post_transparent":"","_kad_post_title":"","_kad_post_layout":"","_kad_post_sidebar_id":"","_kad_post_content_style":"","_kad_post_vertical_padding":"","_kad_post_feature":"","_kad_post_feature_position":"","_kad_post_header":false,"_kad_post_footer":false,"_kad_post_classname":"","footnotes":""},"categories":[2],"tags":[],"class_list":["post-157","post","type-post","status-publish","format-standard","has-post-thumbnail","hentry","category-concerte"],"_links":{"self":[{"href":"https:\/\/tinerimearomana.ro\/corul-preludiu\/wp-json\/wp\/v2\/posts\/157"}],"collection":[{"href":"https:\/\/tinerimearomana.ro\/corul-preludiu\/wp-json\/wp\/v2\/posts"}],"about":[{"href":"https:\/\/tinerimearomana.ro\/corul-preludiu\/wp-json\/wp\/v2\/types\/post"}],"author":[{"embeddable":true,"href":"https:\/\/tinerimearomana.ro\/corul-preludiu\/wp-json\/wp\/v2\/users\/1"}],"replies":[{"embeddable":true,"href":"https:\/\/tinerimearomana.ro\/corul-preludiu\/wp-json\/wp\/v2\/comments?post=157"}],"version-history":[{"count":10,"href":"https:\/\/tinerimearomana.ro\/corul-preludiu\/wp-json\/wp\/v2\/posts\/157\/revisions"}],"predecessor-version":[{"id":644,"href":"https:\/\/tinerimearomana.ro\/corul-preludiu\/wp-json\/wp\/v2\/posts\/157\/revisions\/644"}],"wp:featuredmedia":[{"embeddable":true,"href":"https:\/\/tinerimearomana.ro\/corul-preludiu\/wp-json\/wp\/v2\/media\/64"}],"wp:attachment":[{"href":"https:\/\/tinerimearomana.ro\/corul-preludiu\/wp-json\/wp\/v2\/media?parent=157"}],"wp:term":[{"taxonomy":"category","embeddable":true,"href":"https:\/\/tinerimearomana.ro\/corul-preludiu\/wp-json\/wp\/v2\/categories?post=157"},{"taxonomy":"post_tag","embeddable":true,"href":"https:\/\/tinerimearomana.ro\/corul-preludiu\/wp-json\/wp\/v2\/tags?post=157"}],"curies":[{"name":"wp","href":"https:\/\/api.w.org\/{rel}","templated":true}]}}