{"id":120,"date":"2015-03-16T23:16:58","date_gmt":"2015-03-16T23:16:58","guid":{"rendered":"http:\/\/tinerimearomana.ro\/corul-preludiu\/?p=120"},"modified":"2023-03-04T18:57:35","modified_gmt":"2023-03-04T18:57:35","slug":"ateneul-roman-ziua-culturii-nationale-corul-preludiu","status":"publish","type":"post","link":"https:\/\/tinerimearomana.ro\/corul-preludiu\/ateneul-roman-ziua-culturii-nationale-corul-preludiu\/","title":{"rendered":"Ateneul Roman &#8211; Ziua Culturii Nationale[:en]Tinerimea Rom\u00e2n\u0103 celebrates National Culture Day"},"content":{"rendered":"<h1>Corul Preludiu<\/h1>\n<p><strong>dirijor Cristian Mandeal<\/strong><br \/>\n<strong>silisti: Valentina Nafornita (soprana) Ioana Goicea (vioara)<\/strong><\/p>\n<p><img fetchpriority=\"high\" decoding=\"async\" class=\"alignright wp-image-399\" src=\"http:\/\/tinerimearomana.ro\/corul-preludiu\/wp-content\/uploads\/sites\/9\/2015\/01\/Afis-Ziua-Culturii-Romane-2015.jpg\" alt=\"Afis-Ziua-Culturii-Romane-2015\" width=\"300\" height=\"425\" \/><\/p>\n<h2>Tinerimea Rom\u00e2n\u0103 celebreaz\u0103 Ziua Culturii Na\u021bionale<\/h2>\n<p style=\"text-indent: 40px; margin-bottom: 15px;\">Concertul care va reprezenta culmina\u021bia seriei de manifest\u0103ri dedicate pe 15 ianuarie Zilei Culturii Na\u021bionale, va avea loc la Ateneul Rom\u00e2n de la ora 19.00 \u0219i este organizat de Ministerul Culturii \u0219i Cultelor.<\/p>\n<p style=\"text-indent: 40px; margin-bottom: 15px;\"><a href=\"http:\/\/tinerimearomana.ro\/orchestra-romana-tineret\/ateneul-roman-ziua-culturii-nationale2\/\"><strong>Orchestra Rom\u00e2n\u0103 de Tineret<\/strong> <\/a>dirijat\u0103 de Cristian Mandeal \u0219i <strong>Corul de camer\u0103 Preludiu<\/strong> condus de Voicu En\u0103chescu sunt cele dou\u0103 forma\u021bii artistice de anvergur\u0103 interna\u021bional\u0103, cu care <strong>Centrul Na\u021bional de Art\u0103 Tinerimea Rom\u00e2n\u0103<\/strong> onoreaz\u0103 excelen\u021ba acestui eveniment.<\/p>\n<p style=\"text-indent: 40px; margin-bottom: 15px;\">Cele dou\u0103 soliste ale serii vor fi soprana Valentina Naforni\u021b\u0103, o stea pe firmamentul select al artei lirice interna\u021bionale \u0219i violonista Ioana Cristina Goicea, una dintre cele mai apreciate valori ale noii genera\u021bii de muzicieni rom\u00e2ni.<\/p>\n<p style=\"text-indent: 40px; margin-bottom: 15px;\">Dup\u0103 concert, va avea loc lansarea primei apari\u021bii discografice a Orchestrei Rom\u00e2ne de Tineret, sub egida editurii Casa Radio. CD-ul \u00eenregistrat \u0219i produs de Radio Rom\u00e2nia con\u021bine capodopere ale crea\u021biei muzicale rom\u00e2ne\u0219ti.<\/p>\n<p style=\"text-indent: 40px; margin-bottom: 15px;\">Celebr\u00e2nd <strong>Ziua Culturii Na\u021bionale<\/strong> \u00een spa\u021biul cultural simbol al capitalei Rom\u00e2niei, cei mai valoro\u0219i muzicieni ai tinerei genera\u021bii propun un program de capodopere ale muzicii rom\u00e2ne\u0219ti \u0219i universale, din care nu vor lipsi Enescu, Mozart, Verdi, Theodor Rogalski \u0219i Ceaikovski.<\/p>\n<p style=\"text-indent: 40px; margin-bottom: 15px;\">Cu acest prilej, Centrul Na\u021bional de Art\u0103 Tinerimea Rom\u00e2n\u0103 institu\u021bie care apar\u021bine Ministerului Culturii \u00ee\u0219i reafirm\u0103 cu noi \u0219i valoroase argumente pozi\u021bia de principal promotor al tinerelor valori ale culturii rom\u00e2ne.<\/p>\n<p style=\"text-indent: 40px; margin-bottom: 15px;\">\u00cen aceea\u0219i sear\u0103, la sala de concert a <strong>Centrului Na\u021bional de Art\u0103 Tinerimea Rom\u00e2n\u0103<\/strong>, va avea loc o sear\u0103 de muzic\u0103 \u0219i poezie intitulat\u0103 \u201cDor de Eminescu\u201d. \u00cen acest spectacol, ansamblul Archaeus al Tinerimii Rom\u00e2ne a invitat o serie de actori cunoscu\u021bi precum Adrian P\u0103duraru, Manuela Ciucan, Iuliana Nistor \u0219.a., al\u0103turi de piani\u0219tii M\u0103d\u0103lina Pasol si Dan Ardelean \u0219i de baritonul Valentin Vasiliu.<\/p>\n<p style=\"text-indent: 40px; margin-bottom: 15px;\">\u00cen foaier, va fi g\u0103zduit\u0103 o expozi\u021bie de fotografie dedicat\u0103 figurilor importante de actori care au dat glas poemelor eminesciene de-a lungul timpului, semnat\u0103 de fotograful Daniel Faluveghi.<\/p>\n[\/infobox]\n<div class=\"redred\" style=\"padding: 30px;\">[columns count=&#8217;2&#8242;]\n[column_item]\n[blogger ids=&#8221;506&#8243; descr=&#8221;200&#8243; dir=&#8221;horizontal&#8221; style=&#8221;puzzles&#8221;]\n[\/column_item]\n[column_item]\n[blogger ids=&#8221;525&#8243; descr=&#8221;200&#8243; dir=&#8221;horizontal&#8221; style=&#8221;puzzles&#8221;]\n[\/column_item]\n[\/columns]\u1427<\/div>\n[:en][infobox style=&#8217;info&#8217; static=&#8217;1&#8242;]\n[section style=&#8217;color: #fff; font-weight: bold; font-size: 20px; margin: 20px 0px; padding: 10px; background-color: rgb(223, 86, 86); width: 10%;&#8217;]15.01.2015[\/section]\n<h1>Prelude Chamber Choir<\/h1>\n[list style=&#8217;regular&#8217;]\n[list_item]<strong>conductor Cristian Mandeal<\/strong>[\/list_item]\n[list_item]<strong>artists: Valentina Nafornita (soprano) Ioana Goicea (violin))<\/strong>[\/list_item]\n[\/list]<img fetchpriority=\"high\" decoding=\"async\" class=\"alignright wp-image-399\" src=\"http:\/\/tinerimearomana.ro\/corul-preludiu\/wp-content\/uploads\/sites\/9\/2015\/01\/Afis-Ziua-Culturii-Romane-2015.jpg\" alt=\"Afis-Ziua-Culturii-Romane-2015\" width=\"300\" height=\"425\" \/><\/p>\n<h2>Tinerimea Rom\u00e2n\u0103 celebrates National Culture Day<\/h2>\n<p style=\"text-indent: 40px; margin-bottom: 15px;\">The concert which will be the culmination of the series of events dedicated to the Day of National Culture on January 15, will be held at the Romanian Athenaeum at 19:00 and is organized by the Ministry of Culture and Religious Cults.<\/p>\n<p style=\"text-indent: 40px; margin-bottom: 15px;\"><a href=\"http:\/\/tinerimearomana.ro\/orchestra-romana-tineret\/ateneul-roman-ziua-culturii-nationale2\/\"><strong>The Romanian Youth Orchestra <\/strong> <\/a>conducted by Cristian Mandeal and <strong>Preludiu Chamber Choir<\/strong> Choir conducted by Voicu En\u0103chescu are the two internationally renowned groups with which the <strong>Tinerimea Rom\u00e2n\u0103 National Arts Center <\/strong>honors this event\u2019s significance.<\/p>\n<p style=\"text-indent: 40px; margin-bottom: 15px;\">The two artists will be soprano Valentina Naforni\u021b\u0103, a star of the international lyrical art and violin player Ioana Cristina Goicea, one of the most appreciated artists of the generations of Romanian musicians.<\/p>\n<p style=\"text-indent: 40px; margin-bottom: 15px;\">After the concert, the first recording of the Romanian Youth Orchestra for the Casa Radio publishing house. The CD recorded and produced by Radio Rom\u00e2nia contains masterpieces of Romanian music creations.<\/p>\n<p style=\"text-indent: 40px; margin-bottom: 15px;\">Celebrating the <strong>National Culture Day <\/strong> in Bucharest, a symbol of the cultural space, the most gifted musicians of the young generation come with a program full of masterpieces of Romanian and universal music, including Enescu, Mozart, Verdi, Theodor Rogalski and Tchaikovsky.<\/p>\n<p style=\"text-indent: 40px; margin-bottom: 15px;\">The Tinerimea Rom\u00e2n\u0103 Cultural Art Centre, an institution which belongs to the Ministry of Culture, once again reasserts its position of promoting young and valuable Romanian artists.<\/p>\n<p style=\"text-indent: 40px; margin-bottom: 15px;\">In the same evening there will be an evening filled with music and poetry, called \u201dDor de Eminescu\u201d, at the concert hall of Tinerimea Rom\u00e2n\u0103 National Arts Centre. For this show, the Archaeus ensemble of Tinerimea Rom\u00e2n\u0103 invited several famous authors such as Adrian P\u0103duraru, Manuela Ciucan, Iuliana Nistor et. all.., together with pianists M\u0103d\u0103lina Pasol and Dan Ardelean and baritone Valentin Vasiliu.<\/p>\n<p style=\"text-indent: 40px; margin-bottom: 15px;\">In the foyer there will be a photo exhibition dedicated to important actors who recited Eminescu\u2019s poems, created by photographer Daniel Faluveghi.<\/p>\n[\/infobox]\n<div class=\"redred\" style=\"padding: 30px;\">[columns count=&#8217;2&#8242;]\n[column_item]\n[blogger ids=&#8221;506&#8243; descr=&#8221;200&#8243; dir=&#8221;horizontal&#8221; style=&#8221;puzzles&#8221;]\n[\/column_item]\n[column_item]\n[blogger ids=&#8221;525&#8243; descr=&#8221;200&#8243; dir=&#8221;horizontal&#8221; style=&#8221;puzzles&#8221;]\n[\/column_item]\n[\/columns]\u1427<\/div>\n[:]\n","protected":false},"excerpt":{"rendered":"<p>Corul Preludiu dirijor Cristian Mandeal silisti: Valentina Nafornita (soprana) Ioana Goicea (vioara) Tinerimea Rom\u00e2n\u0103 celebreaz\u0103 Ziua Culturii Na\u021bionale Concertul care va reprezenta culmina\u021bia seriei de manifest\u0103ri dedicate pe 15 ianuarie Zilei Culturii Na\u021bionale, va avea loc la Ateneul Rom\u00e2n de la ora 19.00 \u0219i este organizat de Ministerul Culturii \u0219i Cultelor. Orchestra Rom\u00e2n\u0103 de Tineret&#8230;<\/p>\n","protected":false},"author":1,"featured_media":125,"comment_status":"open","ping_status":"open","sticky":false,"template":"","format":"standard","meta":{"_kadence_starter_templates_imported_post":false,"_kad_post_transparent":"default","_kad_post_title":"default","_kad_post_layout":"default","_kad_post_sidebar_id":"","_kad_post_content_style":"default","_kad_post_vertical_padding":"default","_kad_post_feature":"","_kad_post_feature_position":"","_kad_post_header":false,"_kad_post_footer":false,"_kad_post_classname":"","footnotes":""},"categories":[2],"tags":[],"class_list":["post-120","post","type-post","status-publish","format-standard","has-post-thumbnail","hentry","category-concerte"],"_links":{"self":[{"href":"https:\/\/tinerimearomana.ro\/corul-preludiu\/wp-json\/wp\/v2\/posts\/120"}],"collection":[{"href":"https:\/\/tinerimearomana.ro\/corul-preludiu\/wp-json\/wp\/v2\/posts"}],"about":[{"href":"https:\/\/tinerimearomana.ro\/corul-preludiu\/wp-json\/wp\/v2\/types\/post"}],"author":[{"embeddable":true,"href":"https:\/\/tinerimearomana.ro\/corul-preludiu\/wp-json\/wp\/v2\/users\/1"}],"replies":[{"embeddable":true,"href":"https:\/\/tinerimearomana.ro\/corul-preludiu\/wp-json\/wp\/v2\/comments?post=120"}],"version-history":[{"count":9,"href":"https:\/\/tinerimearomana.ro\/corul-preludiu\/wp-json\/wp\/v2\/posts\/120\/revisions"}],"predecessor-version":[{"id":702,"href":"https:\/\/tinerimearomana.ro\/corul-preludiu\/wp-json\/wp\/v2\/posts\/120\/revisions\/702"}],"wp:featuredmedia":[{"embeddable":true,"href":"https:\/\/tinerimearomana.ro\/corul-preludiu\/wp-json\/wp\/v2\/media\/125"}],"wp:attachment":[{"href":"https:\/\/tinerimearomana.ro\/corul-preludiu\/wp-json\/wp\/v2\/media?parent=120"}],"wp:term":[{"taxonomy":"category","embeddable":true,"href":"https:\/\/tinerimearomana.ro\/corul-preludiu\/wp-json\/wp\/v2\/categories?post=120"},{"taxonomy":"post_tag","embeddable":true,"href":"https:\/\/tinerimearomana.ro\/corul-preludiu\/wp-json\/wp\/v2\/tags?post=120"}],"curies":[{"name":"wp","href":"https:\/\/api.w.org\/{rel}","templated":true}]}}