{"id":228,"date":"2019-11-14T20:33:18","date_gmt":"2019-11-14T20:33:18","guid":{"rendered":"http:\/\/tinerimearomana.ro\/ansamblul-archaeus\/?p=228"},"modified":"2022-11-10T22:04:50","modified_gmt":"2022-11-10T22:04:50","slug":"festivalul-archaeus-editia-xxi-2019-la-palatul-tinerimea-romana","status":"publish","type":"post","link":"https:\/\/tinerimearomana.ro\/ansamblul-archaeus\/festivalul-archaeus-editia-xxi-2019-la-palatul-tinerimea-romana\/","title":{"rendered":"FESTIVALUL ARCHAEUS EDI\u021aIA  XXI &#8211; 2019 LA PALATUL TINERIMEA ROMANA"},"content":{"rendered":"[infobox style=&#8217;info&#8217; static=&#8217;1&#8242;]\nFestivalul ARCHAEUS edi\u021bia a XXI-a va avea loc \u00een zilele de 23 \u0219i 24 noiembrie 2019 de la ora<br \/>\n18.00 la Palatul Tinerimea Rom\u00e2n\u0103. Cele dou\u0103 zile ofer\u0103 un foarte dens \u0219i variat program, care<br \/>\ncuprinde pe l\u00e2ng\u0103 momentele de recital ale ansamblului ARCHAEUS al Centrului National de<br \/>\nArt\u0103 Tinerimea Rom\u00e2n\u0103 proiec\u021bii de filme \u0219i vernisajul unei incitante expozi\u021bii colective de art\u0103<br \/>\nplastic\u0103.<\/p>\n<p>Ansamblul ARCHAEUS continu\u0103 astfel s\u0103 fie nu doar un reper al artei interpretative a muzicii<br \/>\ncontemporane din Rom\u00e2nia, ci \u0219i un fervent promotor al artelor, programele propuse publicului<br \/>\nde-a lungul anilor fiind adev\u0103rate demonstra\u021bii de virtuozitate stilistic\u0103.<br \/>\n\u0218i de aceast\u0103 dat\u0103, publicul va avea ocazia unor surprinz\u0103toare panoram\u0103ri a unor perioade de<br \/>\ncrea\u021bie foarte diferite, \u00eentr-un incitant \u0219i mereu viu dialog cu arta plastic\u0103, dramatic\u0103 si cinematografic\u0103.<br \/>\n[\/infobox]\n<p><img decoding=\"async\" class=\"aligncenter size-full wp-image-224\" src=\"http:\/\/tinerimearomana.ro\/ansamblul-archaeus\/wp-content\/uploads\/sites\/8\/2019\/11\/afis-Festival-ARCHAEUS21_2019_web.jpg\" alt=\"Archaeus\" width=\"100%\" height=\"auto\" \/>[:]\n","protected":false},"excerpt":{"rendered":"<p>[infobox style=&#8217;info&#8217; static=&#8217;1&#8242;] Festivalul ARCHAEUS edi\u021bia a XXI-a va avea loc \u00een zilele de 23 \u0219i 24 noiembrie 2019 de la ora 18.00 la Palatul Tinerimea Rom\u00e2n\u0103. Cele dou\u0103 zile ofer\u0103 un foarte dens \u0219i variat program, care cuprinde pe l\u00e2ng\u0103 momentele de recital ale ansamblului ARCHAEUS al Centrului National de Art\u0103 Tinerimea Rom\u00e2n\u0103 proiec\u021bii&#8230;<\/p>\n","protected":false},"author":1,"featured_media":229,"comment_status":"open","ping_status":"open","sticky":false,"template":"","format":"standard","meta":{"_kad_post_transparent":"","_kad_post_title":"","_kad_post_layout":"","_kad_post_sidebar_id":"","_kad_post_content_style":"","_kad_post_vertical_padding":"","_kad_post_feature":"","_kad_post_feature_position":"","_kad_post_header":false,"_kad_post_footer":false,"_kad_post_classname":"","footnotes":""},"categories":[2],"tags":[],"class_list":["post-228","post","type-post","status-publish","format-standard","has-post-thumbnail","hentry","category-concerte"],"_links":{"self":[{"href":"https:\/\/tinerimearomana.ro\/ansamblul-archaeus\/wp-json\/wp\/v2\/posts\/228"}],"collection":[{"href":"https:\/\/tinerimearomana.ro\/ansamblul-archaeus\/wp-json\/wp\/v2\/posts"}],"about":[{"href":"https:\/\/tinerimearomana.ro\/ansamblul-archaeus\/wp-json\/wp\/v2\/types\/post"}],"author":[{"embeddable":true,"href":"https:\/\/tinerimearomana.ro\/ansamblul-archaeus\/wp-json\/wp\/v2\/users\/1"}],"replies":[{"embeddable":true,"href":"https:\/\/tinerimearomana.ro\/ansamblul-archaeus\/wp-json\/wp\/v2\/comments?post=228"}],"version-history":[{"count":2,"href":"https:\/\/tinerimearomana.ro\/ansamblul-archaeus\/wp-json\/wp\/v2\/posts\/228\/revisions"}],"predecessor-version":[{"id":312,"href":"https:\/\/tinerimearomana.ro\/ansamblul-archaeus\/wp-json\/wp\/v2\/posts\/228\/revisions\/312"}],"wp:featuredmedia":[{"embeddable":true,"href":"https:\/\/tinerimearomana.ro\/ansamblul-archaeus\/wp-json\/wp\/v2\/media\/229"}],"wp:attachment":[{"href":"https:\/\/tinerimearomana.ro\/ansamblul-archaeus\/wp-json\/wp\/v2\/media?parent=228"}],"wp:term":[{"taxonomy":"category","embeddable":true,"href":"https:\/\/tinerimearomana.ro\/ansamblul-archaeus\/wp-json\/wp\/v2\/categories?post=228"},{"taxonomy":"post_tag","embeddable":true,"href":"https:\/\/tinerimearomana.ro\/ansamblul-archaeus\/wp-json\/wp\/v2\/tags?post=228"}],"curies":[{"name":"wp","href":"https:\/\/api.w.org\/{rel}","templated":true}]}}