{"id":223,"date":"2019-09-29T15:50:13","date_gmt":"2019-09-29T15:50:13","guid":{"rendered":"http:\/\/tinerimearomana.ro\/ansamblul-archaeus\/?p=223"},"modified":"2022-11-10T22:04:50","modified_gmt":"2022-11-10T22:04:50","slug":"ansamblul-archaeus-05-octombrie-2019-primul-concert-din-seria-panoramic-la-sala-mica-a-ateneului-roman","status":"publish","type":"post","link":"https:\/\/tinerimearomana.ro\/ansamblul-archaeus\/ansamblul-archaeus-05-octombrie-2019-primul-concert-din-seria-panoramic-la-sala-mica-a-ateneului-roman\/","title":{"rendered":"ANSAMBLUL &#8220;ARCHAEUS&#8221; &#8211; 05 OCTOMBRIE 2019 &#8211; PRIMUL CONCERT DIN SERIA &#8220;PANORAMIC&#8221; LA SALA MICA A ATENEULUI ROMAN"},"content":{"rendered":"[infobox style=&#8217;info&#8217; static=&#8217;1&#8242;]\nAnsamblul de muzic\u0103 contemporan\u0103 ARCHAEUS al Centrului Na\u021bional de Art\u0103 &#8220;Tinerimea Rom\u00e2n\u0103&#8221; va sus\u021bine s\u00e2mb\u0103t\u0103 05 octombrie de la ora 19.00 la Sala Mic\u0103 a Ateneului Rom\u00e2n, primul concert din seria &#8220;Panoramic&#8221; a microstagiunii camerale de muzic\u0103 contemporan\u0103.<br \/>\nAdev\u0103ra\u021bi campioni ai artei interpretative a muzicii contemporane din Rom\u00e2nia, ansamblul Archaeusfondat de compozitorul Liviu D\u0103nceanu, are o activitate continu\u0103 de peste 30 de ani, adun\u00e2nd o imens\u0103 experien\u021b\u0103 care \u00eei recomand\u0103 prin valoarea membrilor s\u0103i.<br \/>\nProgramul propus \u00een acest prim concert al seriei &#8220;Panoramic&#8221;, ofer\u0103 un dialog al genera\u021biilor de compozitori rom\u00e2ni, cu piese de Valentin Petculescu, Liviu Dandara, Diana Rotaru, C\u0103lin Ioachimescu, Liviu D\u0103nceanu.<br \/>\n[\/infobox]\n<p><img decoding=\"async\" class=\"aligncenter size-full wp-image-224\" src=\"http:\/\/tinerimearomana.ro\/ansamblul-archaeus\/wp-content\/uploads\/sites\/8\/2019\/09\/Concert-Archaeus-5-octombrie-Ateneu-2019.jpg\" alt=\"\" width=\"100%\" height=\"auto\" srcset=\"https:\/\/tinerimearomana.ro\/ansamblul-archaeus\/wp-content\/uploads\/sites\/8\/2019\/09\/Concert-Archaeus-5-octombrie-Ateneu-2019.jpg 800w, https:\/\/tinerimearomana.ro\/ansamblul-archaeus\/wp-content\/uploads\/sites\/8\/2019\/09\/Concert-Archaeus-5-octombrie-Ateneu-2019-205x300.jpg 205w, https:\/\/tinerimearomana.ro\/ansamblul-archaeus\/wp-content\/uploads\/sites\/8\/2019\/09\/Concert-Archaeus-5-octombrie-Ateneu-2019-768x1125.jpg 768w, https:\/\/tinerimearomana.ro\/ansamblul-archaeus\/wp-content\/uploads\/sites\/8\/2019\/09\/Concert-Archaeus-5-octombrie-Ateneu-2019-699x1024.jpg 699w\" sizes=\"(max-width: 800px) 100vw, 800px\" \/><\/p>\n","protected":false},"excerpt":{"rendered":"<p>[infobox style=&#8217;info&#8217; static=&#8217;1&#8242;] Ansamblul de muzic\u0103 contemporan\u0103 ARCHAEUS al Centrului Na\u021bional de Art\u0103 &#8220;Tinerimea Rom\u00e2n\u0103&#8221; va sus\u021bine s\u00e2mb\u0103t\u0103 05 octombrie de la ora 19.00 la Sala Mic\u0103 a Ateneului Rom\u00e2n, primul concert din seria &#8220;Panoramic&#8221; a microstagiunii camerale de muzic\u0103 contemporan\u0103. Adev\u0103ra\u021bi campioni ai artei interpretative a muzicii contemporane din Rom\u00e2nia, ansamblul Archaeusfondat de compozitorul&#8230;<\/p>\n","protected":false},"author":1,"featured_media":224,"comment_status":"open","ping_status":"open","sticky":false,"template":"","format":"standard","meta":{"_kad_post_transparent":"","_kad_post_title":"","_kad_post_layout":"","_kad_post_sidebar_id":"","_kad_post_content_style":"","_kad_post_vertical_padding":"","_kad_post_feature":"","_kad_post_feature_position":"","_kad_post_header":false,"_kad_post_footer":false,"_kad_post_classname":"","footnotes":""},"categories":[2],"tags":[],"class_list":["post-223","post","type-post","status-publish","format-standard","has-post-thumbnail","hentry","category-concerte"],"_links":{"self":[{"href":"https:\/\/tinerimearomana.ro\/ansamblul-archaeus\/wp-json\/wp\/v2\/posts\/223"}],"collection":[{"href":"https:\/\/tinerimearomana.ro\/ansamblul-archaeus\/wp-json\/wp\/v2\/posts"}],"about":[{"href":"https:\/\/tinerimearomana.ro\/ansamblul-archaeus\/wp-json\/wp\/v2\/types\/post"}],"author":[{"embeddable":true,"href":"https:\/\/tinerimearomana.ro\/ansamblul-archaeus\/wp-json\/wp\/v2\/users\/1"}],"replies":[{"embeddable":true,"href":"https:\/\/tinerimearomana.ro\/ansamblul-archaeus\/wp-json\/wp\/v2\/comments?post=223"}],"version-history":[{"count":3,"href":"https:\/\/tinerimearomana.ro\/ansamblul-archaeus\/wp-json\/wp\/v2\/posts\/223\/revisions"}],"predecessor-version":[{"id":311,"href":"https:\/\/tinerimearomana.ro\/ansamblul-archaeus\/wp-json\/wp\/v2\/posts\/223\/revisions\/311"}],"wp:featuredmedia":[{"embeddable":true,"href":"https:\/\/tinerimearomana.ro\/ansamblul-archaeus\/wp-json\/wp\/v2\/media\/224"}],"wp:attachment":[{"href":"https:\/\/tinerimearomana.ro\/ansamblul-archaeus\/wp-json\/wp\/v2\/media?parent=223"}],"wp:term":[{"taxonomy":"category","embeddable":true,"href":"https:\/\/tinerimearomana.ro\/ansamblul-archaeus\/wp-json\/wp\/v2\/categories?post=223"},{"taxonomy":"post_tag","embeddable":true,"href":"https:\/\/tinerimearomana.ro\/ansamblul-archaeus\/wp-json\/wp\/v2\/tags?post=223"}],"curies":[{"name":"wp","href":"https:\/\/api.w.org\/{rel}","templated":true}]}}