{"id":138,"date":"2016-06-10T23:05:44","date_gmt":"2016-06-10T23:05:44","guid":{"rendered":"http:\/\/tinerimearomana.ro\/ansamblul-archaeus\/?p=138"},"modified":"2022-11-10T22:07:56","modified_gmt":"2022-11-10T22:07:56","slug":"recital-ansamblul-archaeus-si-invitatii-sai","status":"publish","type":"post","link":"https:\/\/tinerimearomana.ro\/ansamblul-archaeus\/recital-ansamblul-archaeus-si-invitatii-sai\/","title":{"rendered":"RECITAL ANSAMBLUL ARCHAEUS SI INVITATII SAI"},"content":{"rendered":"<div class=\"su-spacer\" style=\"height:40px\"><\/div>\n[infobox style=&#8217;info&#8217; static=&#8217;1&#8242;]\n<p>Sala Mare a Palatului Tinerimea Rom\u00e2n\u0103 g\u0103zduie\u0219te pa data de 14 iunie 2016 la ora 19.00 ansambul Archeus \u00een cadrul unui recital vocal sus\u021binut de soprana Simona Nicoletta Jidveanu, al\u0103turi de pianista Verona Maier.<\/p>\n<p>Programul serii panorameaz\u0103 repertoriul rom\u00e2nesc de gen, propun\u00e2nd lucr\u0103ri (conform ordinii din program) de Alfred Alessandrescu, Carmen Petra Bascopol, Pascal Bentoiu, Liviu D\u0103nceanu, Dan Dediu, George Enescu, Horia \u0218urianu, Viorel Munteanu.<\/p>\n<div class=\"su-custom-gallery su-custom-gallery-align-left su-custom-gallery-title-never su-lightbox-gallery\"><div class=\"su-custom-gallery-slide\" style=\"width:850px;height:470px\"><a href=\"https:\/\/tinerimearomana.ro\/ansamblul-archaeus\/wp-content\/uploads\/sites\/8\/2016\/06\/Afis-Archaeus_2016_06_14.jpg\" title=\"Afis-Archaeus_2016_06_14\"><img fetchpriority=\"high\" decoding=\"async\" src=\"https:\/\/tinerimearomana.ro\/ansamblul-archaeus\/wp-content\/uploads\/sites\/8\/2016\/06\/Afis-Archaeus_2016_06_14.jpg\" alt=\"Afis-Archaeus_2016_06_14\" width=\"850\" height=\"470\" \/><span class=\"su-custom-gallery-title\">Afis-Archaeus_2016_06_14<\/span><\/a><\/div><div class=\"su-clear\"><\/div><\/div>\n[\/infobox]\n[:]\n","protected":false},"excerpt":{"rendered":"<p>[infobox style=&#8217;info&#8217; static=&#8217;1&#8242;] Sala Mare a Palatului Tinerimea Rom\u00e2n\u0103 g\u0103zduie\u0219te pa data de 14 iunie 2016 la ora 19.00 ansambul Archeus \u00een cadrul unui recital vocal sus\u021binut de soprana Simona Nicoletta Jidveanu, al\u0103turi de pianista Verona Maier. Programul serii panorameaz\u0103 repertoriul rom\u00e2nesc de gen, propun\u00e2nd lucr\u0103ri (conform ordinii din program) de Alfred Alessandrescu, Carmen Petra&#8230;<\/p>\n","protected":false},"author":1,"featured_media":139,"comment_status":"open","ping_status":"open","sticky":false,"template":"","format":"standard","meta":{"_kad_post_transparent":"","_kad_post_title":"","_kad_post_layout":"","_kad_post_sidebar_id":"","_kad_post_content_style":"","_kad_post_vertical_padding":"","_kad_post_feature":"","_kad_post_feature_position":"","_kad_post_header":false,"_kad_post_footer":false,"_kad_post_classname":"","footnotes":""},"categories":[2],"tags":[],"class_list":["post-138","post","type-post","status-publish","format-standard","has-post-thumbnail","hentry","category-concerte"],"_links":{"self":[{"href":"https:\/\/tinerimearomana.ro\/ansamblul-archaeus\/wp-json\/wp\/v2\/posts\/138"}],"collection":[{"href":"https:\/\/tinerimearomana.ro\/ansamblul-archaeus\/wp-json\/wp\/v2\/posts"}],"about":[{"href":"https:\/\/tinerimearomana.ro\/ansamblul-archaeus\/wp-json\/wp\/v2\/types\/post"}],"author":[{"embeddable":true,"href":"https:\/\/tinerimearomana.ro\/ansamblul-archaeus\/wp-json\/wp\/v2\/users\/1"}],"replies":[{"embeddable":true,"href":"https:\/\/tinerimearomana.ro\/ansamblul-archaeus\/wp-json\/wp\/v2\/comments?post=138"}],"version-history":[{"count":2,"href":"https:\/\/tinerimearomana.ro\/ansamblul-archaeus\/wp-json\/wp\/v2\/posts\/138\/revisions"}],"predecessor-version":[{"id":326,"href":"https:\/\/tinerimearomana.ro\/ansamblul-archaeus\/wp-json\/wp\/v2\/posts\/138\/revisions\/326"}],"wp:featuredmedia":[{"embeddable":true,"href":"https:\/\/tinerimearomana.ro\/ansamblul-archaeus\/wp-json\/wp\/v2\/media\/139"}],"wp:attachment":[{"href":"https:\/\/tinerimearomana.ro\/ansamblul-archaeus\/wp-json\/wp\/v2\/media?parent=138"}],"wp:term":[{"taxonomy":"category","embeddable":true,"href":"https:\/\/tinerimearomana.ro\/ansamblul-archaeus\/wp-json\/wp\/v2\/categories?post=138"},{"taxonomy":"post_tag","embeddable":true,"href":"https:\/\/tinerimearomana.ro\/ansamblul-archaeus\/wp-json\/wp\/v2\/tags?post=138"}],"curies":[{"name":"wp","href":"https:\/\/api.w.org\/{rel}","templated":true}]}}