{"id":116,"date":"2016-02-22T11:57:56","date_gmt":"2016-02-22T11:57:56","guid":{"rendered":"http:\/\/tinerimearomana.ro\/ansamblul-archaeus\/?p=116"},"modified":"2022-11-10T22:08:49","modified_gmt":"2022-11-10T22:08:49","slug":"ansamblul-archaeus-in-gala-tinerimea-romana","status":"publish","type":"post","link":"https:\/\/tinerimearomana.ro\/ansamblul-archaeus\/ansamblul-archaeus-in-gala-tinerimea-romana\/","title":{"rendered":"Ansamblul Archaeus \u00een Gala Tinerimea Rom\u00e2n\u0103"},"content":{"rendered":"<div class=\"su-spacer\" style=\"height:40px\"><\/div>\n[infobox style=&#8217;info&#8217; static=&#8217;1&#8242;]\nEdi\u0163ia a IV-a a Galei Tinerimea Rom\u00e2n\u0103 continu\u0103 mar\u0163i, 24 noiembrie 2015, cu concertul ansamblului Archaeus. Programul cuprinde opusuri foarte rar interpretate, semnate de Johann Sebastian Bach \u015fi Dimitrie Cantemir, ansamblul evolu\u00e2nd sub conducerea lui Liviu D\u0103nceanu, cel care ne-a acordat urm\u0103torul interviu.<\/p>\n<p>Ansamblul Archaeus va concerta \u00een aceast\u0103 sear\u0103 la Centrul Na\u0163ional de Art\u0103 &#8220;Tinerimea rom\u00e2n\u0103&#8221;. \u00cel putem considera un concert aniversar? Ce anume a\u0163i preg\u0103tit pentru cei care vor fi \u00een sal\u0103?<\/p>\n<p>De fapt, aniversarea a 30 de ani de activitate a Ansamblului Archaeus se va produce \u00een ziua de 30 noiembrie, la Ateneul Rom\u00e2n, iar disear\u0103 este tot un concert sub form\u0103 de aniversare, \u00een sensul c\u0103 vor fi s\u0103rb\u0103tori\u0163i doi mari compozitori ai barocului. \u00cendr\u0103znesc s\u0103 spun doi mari compozitori cu toate c\u0103 unul este \u00eentr-o ipostaz\u0103 insolit\u0103, acea de compozitor, e vorba de Dimitrie Cantemir vs. Johann Sebastian Bach. Este un proiect pe care noi \u00eel pritocim de mai mult timp \u015fi \u00een care vrem s\u0103 \u00eencerc\u0103m un dialog, sigur, peste timp \u015fi peste stiluri &#8211; \u00eentre cele dou\u0103 personalit\u0103\u0163i care apar\u0163in nu numai muzicii. A\u015fa cum se \u015ftie, Cantemir a fost un enciclopedist, istoric, scriitor, muzician, om politic \u015f.a.m.d., iar Johann Sebastian Bach &#8211; pu\u0163in\u0103 lume \u015ftie &#8211; era unul dintre profesorii de la Thomaskirche din Leipzig unde, \u00een afar\u0103 de disciplinele muzicii, preda \u015fi discipline umaniste \u015fi chiar unele discipline extrase din arealul biologiei. Deci, dou\u0103 personalit\u0103\u0163i care sunt puse fa\u0163\u0103 \u00een fa\u0163\u0103, fiecare cu specificul ei sonor. Bach este foarte cunoscut publicului meloman, Cantemir &#8211; mai pu\u0163in. \u00cen orice caz, sper\u0103m ca cele personalit\u0103\u0163i s\u0103 comunice, dac\u0103 nu sonor, s\u0103 comunice cel pu\u0163in intelectual.<\/p>\n<p>A\u015fa cum ne-a obi\u015fnuit Ansamblul Archaeus, \u00een program va fi prezent\u0103 \u015fi o lucrare contemporan\u0103 semnat\u0103 de dumneavoastr\u0103. C\u00e2teva cuvinte despre Cantebachmir?<\/p>\n<p>Este vorba de o lucrare care fuzioneaz\u0103 la modul sonor dou\u0103 atitudini opuse; e vorba despre o melopee \u00een stil Cantemir, o melopee oriental\u0103, care este pus\u0103 \u00eentr-un chenar de fug\u0103\u2026 Fuga, nu-i a\u015fa, fiind o form\u0103 imanent\u0103 barocului, pe care Bach a polizat-o la modul exemplar.<\/p>\n<p>Veni\u0163i s\u0103 asculta\u0163i lucr\u0103ri baroce de Bach \u015fi Cantemir, pentru c\u0103 cei doi compozitori, chiar dac\u0103 apar\u0163in unor spa\u0163ii diferite &#8211; a\u015f spune la modul glume\u0163 &#8211; au purtat ambii peruci! V\u0103 mul\u0163umesc!<\/p>\n<p>Vezi mai mult aici: <a href=\"http:\/\/www.romania-muzical.ro\/articol\/audio-ansamblul-archaeus-in-gala-tinerimea-romana\/1374091\/15\/2\" target=\"_blank\" rel=\"noopener\">romania-muzical.ro<\/a><br \/>\n[\/infobox][:]\n","protected":false},"excerpt":{"rendered":"<p>[infobox style=&#8217;info&#8217; static=&#8217;1&#8242;] Edi\u0163ia a IV-a a Galei Tinerimea Rom\u00e2n\u0103 continu\u0103 mar\u0163i, 24 noiembrie 2015, cu concertul ansamblului Archaeus. Programul cuprinde opusuri foarte rar interpretate, semnate de Johann Sebastian Bach \u015fi Dimitrie Cantemir, ansamblul evolu\u00e2nd sub conducerea lui Liviu D\u0103nceanu, cel care ne-a acordat urm\u0103torul interviu. Ansamblul Archaeus va concerta \u00een aceast\u0103 sear\u0103 la Centrul&#8230;<\/p>\n","protected":false},"author":1,"featured_media":0,"comment_status":"open","ping_status":"open","sticky":false,"template":"","format":"standard","meta":{"_kad_post_transparent":"","_kad_post_title":"","_kad_post_layout":"","_kad_post_sidebar_id":"","_kad_post_content_style":"","_kad_post_vertical_padding":"","_kad_post_feature":"","_kad_post_feature_position":"","_kad_post_header":false,"_kad_post_footer":false,"_kad_post_classname":"","footnotes":""},"categories":[4],"tags":[],"class_list":["post-116","post","type-post","status-publish","format-standard","hentry","category-presa"],"_links":{"self":[{"href":"https:\/\/tinerimearomana.ro\/ansamblul-archaeus\/wp-json\/wp\/v2\/posts\/116"}],"collection":[{"href":"https:\/\/tinerimearomana.ro\/ansamblul-archaeus\/wp-json\/wp\/v2\/posts"}],"about":[{"href":"https:\/\/tinerimearomana.ro\/ansamblul-archaeus\/wp-json\/wp\/v2\/types\/post"}],"author":[{"embeddable":true,"href":"https:\/\/tinerimearomana.ro\/ansamblul-archaeus\/wp-json\/wp\/v2\/users\/1"}],"replies":[{"embeddable":true,"href":"https:\/\/tinerimearomana.ro\/ansamblul-archaeus\/wp-json\/wp\/v2\/comments?post=116"}],"version-history":[{"count":2,"href":"https:\/\/tinerimearomana.ro\/ansamblul-archaeus\/wp-json\/wp\/v2\/posts\/116\/revisions"}],"predecessor-version":[{"id":328,"href":"https:\/\/tinerimearomana.ro\/ansamblul-archaeus\/wp-json\/wp\/v2\/posts\/116\/revisions\/328"}],"wp:attachment":[{"href":"https:\/\/tinerimearomana.ro\/ansamblul-archaeus\/wp-json\/wp\/v2\/media?parent=116"}],"wp:term":[{"taxonomy":"category","embeddable":true,"href":"https:\/\/tinerimearomana.ro\/ansamblul-archaeus\/wp-json\/wp\/v2\/categories?post=116"},{"taxonomy":"post_tag","embeddable":true,"href":"https:\/\/tinerimearomana.ro\/ansamblul-archaeus\/wp-json\/wp\/v2\/tags?post=116"}],"curies":[{"name":"wp","href":"https:\/\/api.w.org\/{rel}","templated":true}]}}